{"id":99,"date":"2015-09-14T22:26:39","date_gmt":"2015-09-14T20:26:39","guid":{"rendered":"http:\/\/valgblogg.hetland.net\/?p=99"},"modified":"2015-09-14T22:39:32","modified_gmt":"2015-09-14T20:39:32","slug":"forste-storre-krets-i-stavanger","status":"publish","type":"post","link":"https:\/\/valgblogg.hetland.net\/?p=99","title":{"rendered":"F\u00f8rste st\u00f8rre krets i Stavanger"},"content":{"rendered":"<p>I tillegg til forh\u00e5ndsstemmene, har vi n\u00e5 f\u00e5tt tallene fra den f\u00f8rste st\u00f8rre kretsen i Stavanger &#8211; Tjensvoll, med +0,9 for SV!<\/p>\n","protected":false},"excerpt":{"rendered":"<p>I tillegg til forh\u00e5ndsstemmene, har vi n\u00e5 f\u00e5tt tallene fra den f\u00f8rste st\u00f8rre kretsen i Stavanger &#8211; Tjensvoll, med +0,9 for SV!<\/p>\n","protected":false},"author":1,"featured_media":0,"comment_status":"closed","ping_status":"open","sticky":false,"template":"","format":"standard","meta":[],"categories":[5],"tags":[],"_links":{"self":[{"href":"https:\/\/valgblogg.hetland.net\/index.php?rest_route=\/wp\/v2\/posts\/99"}],"collection":[{"href":"https:\/\/valgblogg.hetland.net\/index.php?rest_route=\/wp\/v2\/posts"}],"about":[{"href":"https:\/\/valgblogg.hetland.net\/index.php?rest_route=\/wp\/v2\/types\/post"}],"author":[{"embeddable":true,"href":"https:\/\/valgblogg.hetland.net\/index.php?rest_route=\/wp\/v2\/users\/1"}],"replies":[{"embeddable":true,"href":"https:\/\/valgblogg.hetland.net\/index.php?rest_route=%2Fwp%2Fv2%2Fcomments&post=99"}],"version-history":[{"count":1,"href":"https:\/\/valgblogg.hetland.net\/index.php?rest_route=\/wp\/v2\/posts\/99\/revisions"}],"predecessor-version":[{"id":100,"href":"https:\/\/valgblogg.hetland.net\/index.php?rest_route=\/wp\/v2\/posts\/99\/revisions\/100"}],"wp:attachment":[{"href":"https:\/\/valgblogg.hetland.net\/index.php?rest_route=%2Fwp%2Fv2%2Fmedia&parent=99"}],"wp:term":[{"taxonomy":"category","embeddable":true,"href":"https:\/\/valgblogg.hetland.net\/index.php?rest_route=%2Fwp%2Fv2%2Fcategories&post=99"},{"taxonomy":"post_tag","embeddable":true,"href":"https:\/\/valgblogg.hetland.net\/index.php?rest_route=%2Fwp%2Fv2%2Ftags&post=99"}],"curies":[{"name":"wp","href":"https:\/\/api.w.org\/{rel}","templated":true}]}}