{"id":62,"date":"2015-09-13T19:28:54","date_gmt":"2015-09-13T19:28:54","guid":{"rendered":"http:\/\/valg2013.hetland.net\/wp\/?p=62"},"modified":"2015-09-13T23:52:39","modified_gmt":"2015-09-13T21:52:39","slug":"velkommen-til-min-valgblogg-2015","status":"publish","type":"post","link":"https:\/\/valgblogg.hetland.net\/?p=62","title":{"rendered":"Velkommen til min valgblogg 2015!"},"content":{"rendered":"<p><a href=\"http:\/\/valg2013.hetland.net\/wp\/wp-content\/uploads\/2015\/09\/stemmeurne.jpg\"><img loading=\"lazy\" class=\"size-medium wp-image-73 alignright\" src=\"http:\/\/valg2013.hetland.net\/wp\/wp-content\/uploads\/2015\/09\/stemmeurne-300x200.jpg\" alt=\"Stemmeurne som benyttes ved valg i Norge. (Kilde: Kommunal- og moderniseringsdepartementet\/Flickr. Lisens: CC BY-ND 2.0)\" width=\"300\" height=\"200\" srcset=\"https:\/\/valgblogg.hetland.net\/wp-content\/uploads\/2015\/09\/stemmeurne-300x200.jpg 300w, https:\/\/valgblogg.hetland.net\/wp-content\/uploads\/2015\/09\/stemmeurne-624x415.jpg 624w, https:\/\/valgblogg.hetland.net\/wp-content\/uploads\/2015\/09\/stemmeurne.jpg 640w\" sizes=\"(max-width: 300px) 100vw, 300px\" \/><\/a>Jeg f\u00f8lger opp tradisjonen fra valgvaken i 2013, og legger fortl\u00f8pende ut informasjon om SVs resultater fra kommune- og fylkestingsvalget i l\u00f8pet av valgkvelden. F\u00f8lg med utover kvelden!<\/p>\n<p><strong>Godt valg alle sammen!<\/strong><\/p>\n","protected":false},"excerpt":{"rendered":"<p>Jeg f\u00f8lger opp tradisjonen fra valgvaken i 2013, og legger fortl\u00f8pende ut informasjon om SVs resultater fra kommune- og fylkestingsvalget i l\u00f8pet av valgkvelden. F\u00f8lg med utover kvelden! Godt valg alle sammen!<\/p>\n","protected":false},"author":1,"featured_media":0,"comment_status":"closed","ping_status":"open","sticky":false,"template":"","format":"standard","meta":[],"categories":[5],"tags":[],"_links":{"self":[{"href":"https:\/\/valgblogg.hetland.net\/index.php?rest_route=\/wp\/v2\/posts\/62"}],"collection":[{"href":"https:\/\/valgblogg.hetland.net\/index.php?rest_route=\/wp\/v2\/posts"}],"about":[{"href":"https:\/\/valgblogg.hetland.net\/index.php?rest_route=\/wp\/v2\/types\/post"}],"author":[{"embeddable":true,"href":"https:\/\/valgblogg.hetland.net\/index.php?rest_route=\/wp\/v2\/users\/1"}],"replies":[{"embeddable":true,"href":"https:\/\/valgblogg.hetland.net\/index.php?rest_route=%2Fwp%2Fv2%2Fcomments&post=62"}],"version-history":[{"count":3,"href":"https:\/\/valgblogg.hetland.net\/index.php?rest_route=\/wp\/v2\/posts\/62\/revisions"}],"predecessor-version":[{"id":93,"href":"https:\/\/valgblogg.hetland.net\/index.php?rest_route=\/wp\/v2\/posts\/62\/revisions\/93"}],"wp:attachment":[{"href":"https:\/\/valgblogg.hetland.net\/index.php?rest_route=%2Fwp%2Fv2%2Fmedia&parent=62"}],"wp:term":[{"taxonomy":"category","embeddable":true,"href":"https:\/\/valgblogg.hetland.net\/index.php?rest_route=%2Fwp%2Fv2%2Fcategories&post=62"},{"taxonomy":"post_tag","embeddable":true,"href":"https:\/\/valgblogg.hetland.net\/index.php?rest_route=%2Fwp%2Fv2%2Ftags&post=62"}],"curies":[{"name":"wp","href":"https:\/\/api.w.org\/{rel}","templated":true}]}}