{"id":1,"date":"2013-09-09T12:09:13","date_gmt":"2013-09-09T12:09:13","guid":{"rendered":"http:\/\/valg2013.hetland.net\/wp\/?p=1"},"modified":"2015-09-13T19:25:56","modified_gmt":"2015-09-13T19:25:56","slug":"hello-world","status":"publish","type":"post","link":"https:\/\/valgblogg.hetland.net\/?p=1","title":{"rendered":"Velkommen til min valgblogg!"},"content":{"rendered":"<p>Det blir en utrolig spennende valgkveld, der det store sp\u00f8rsm\u00e5let er: Kommer Hallgeir inn p\u00e5 tinget, til sin femte stortingsperiode?<\/p>\n<p><a href=\"http:\/\/valg2013.hetland.net\/wp\/wp-content\/uploads\/2013\/09\/Hallgeir-Langeland.jpg\"><img loading=\"lazy\" class=\"size-medium wp-image-6 alignright\" alt=\"Hallgeir Langeland\" src=\"http:\/\/valg2013.hetland.net\/wp\/wp-content\/uploads\/2013\/09\/Hallgeir-Langeland-300x199.jpg\" width=\"300\" height=\"199\" srcset=\"https:\/\/valgblogg.hetland.net\/wp-content\/uploads\/2013\/09\/Hallgeir-Langeland-300x199.jpg 300w, https:\/\/valgblogg.hetland.net\/wp-content\/uploads\/2013\/09\/Hallgeir-Langeland-1024x681.jpg 1024w, https:\/\/valgblogg.hetland.net\/wp-content\/uploads\/2013\/09\/Hallgeir-Langeland-624x415.jpg 624w\" sizes=\"(max-width: 300px) 100vw, 300px\" \/><\/a>P\u00e5 meningsm\u00e5lingene var han stort sett ute i hele valgkampen 2009, men velgerne ville det alts\u00e5 annerledes, og Hallgeir kom inn p\u00e5 utjevningsmandat. Det gjorde han ogs\u00e5 i 1997 da han kom inn p\u00e5 Stortinget p\u00e5 det aller siste utjevningsmandatet &#8211; i kamp med Senterpartiets Per Olav Lundteigen.<\/p>\n<p>N\u00e5 har han v\u00e6rt ute av Stortinget p\u00e5 stort sett alle meningsm\u00e5linger siden valget for fire \u00e5r siden, men fortsatt er det all grunn til \u00e5 h\u00e5pe p\u00e5 nye fire \u00e5r for Hallgeir, og da mest sannsynlig p\u00e5 utjevning. Men for \u00e5 si som Eilef Meland sa i 1993, da han ble valgt inn p\u00e5 utjevningsmandat, &laquo;det er jo en \u00e6re \u00e5 bli valgt inn p\u00e5 utjevning&raquo;!<\/p>\n<p>S\u00e5 hvordan fungerer dette med utjevningsmandater i praksis? Hovedpoenget er at om man stemmer p\u00e5 SV i f.eks. Vest-Agder, og SV ikke f\u00e5r inn en representant, s\u00e5 kan disse stemmene &laquo;brukes&raquo; for \u00e5 f\u00e5 inn SV-representanter fra andre fylker, som har gjort det bedre. P\u00e5 den m\u00e5ten bidrar utjevningsmandatene til at sm\u00e5 partier f\u00e5r en samlet representasjon p\u00e5 Stortinget som samsvarer bedre med partiets samlede resultat p\u00e5 landsplan.<\/p>\n<p>Hovedutfordringen er at kampen om utjevningsmandatene er blitt hardere etter endringen av valgloven for noen \u00e5r siden som gjorde at hvert fylke fikk ett utjevningsmandat. Det betyr at i Rogaland kjemper Hallgeir med andre &laquo;sm\u00e5&raquo; partier om det ene utjevningsmandatet. Dersom b\u00e5de SV, Venstre og Senterpartiet komme over sperregrensen (slik det har sett ut p\u00e5 de fleste meningsm\u00e5linger den siste uken), men ikke f\u00e5r et ordin\u00e6rt mandat,\u00a0vil alle disse kjempe om dette utjevningsmandatet.<\/p>\n<p>Om Hallgeir ikke klarer direkte-mandat, m\u00e5 vi satse p\u00e5 at SV i hvert fall blir st\u00f8rre enn SP og V, eller at minst ett av disse partiene f\u00e5r direkte-mandat. Det vil gj\u00f8re veien til stortingsplass enklere for Hallgeir.<\/p>\n<p>En ting er i hvert fall sikkert: Dette blir spennende! Og det er langt ifra sikkert at Hallgeir vet om han har sikret stortingsplassen n\u00e5r han g\u00e5r og legger seg i kveld. Men det vil ikke v\u00e6re f\u00f8rste gang han legger seg valgkvelden med den uvissheten.<\/p>\n<p><strong>F\u00f8lg bloggen min utover kvelden! Jeg vil fortl\u00f8pende oppdatere den med valgresultater\u00a0for SV i Rogaland.<\/strong><\/p>\n","protected":false},"excerpt":{"rendered":"<p>Det blir en utrolig spennende valgkveld, der det store sp\u00f8rsm\u00e5let er: Kommer Hallgeir inn p\u00e5 tinget, til sin femte stortingsperiode? P\u00e5 meningsm\u00e5lingene var han stort sett ute i hele valgkampen 2009, men velgerne ville det alts\u00e5 annerledes, og Hallgeir kom inn p\u00e5 utjevningsmandat. Det gjorde han ogs\u00e5 i 1997 da han kom inn p\u00e5 Stortinget [&hellip;]<\/p>\n","protected":false},"author":1,"featured_media":0,"comment_status":"open","ping_status":"open","sticky":false,"template":"","format":"standard","meta":[],"categories":[4],"tags":[],"_links":{"self":[{"href":"https:\/\/valgblogg.hetland.net\/index.php?rest_route=\/wp\/v2\/posts\/1"}],"collection":[{"href":"https:\/\/valgblogg.hetland.net\/index.php?rest_route=\/wp\/v2\/posts"}],"about":[{"href":"https:\/\/valgblogg.hetland.net\/index.php?rest_route=\/wp\/v2\/types\/post"}],"author":[{"embeddable":true,"href":"https:\/\/valgblogg.hetland.net\/index.php?rest_route=\/wp\/v2\/users\/1"}],"replies":[{"embeddable":true,"href":"https:\/\/valgblogg.hetland.net\/index.php?rest_route=%2Fwp%2Fv2%2Fcomments&post=1"}],"version-history":[{"count":3,"href":"https:\/\/valgblogg.hetland.net\/index.php?rest_route=\/wp\/v2\/posts\/1\/revisions"}],"predecessor-version":[{"id":7,"href":"https:\/\/valgblogg.hetland.net\/index.php?rest_route=\/wp\/v2\/posts\/1\/revisions\/7"}],"wp:attachment":[{"href":"https:\/\/valgblogg.hetland.net\/index.php?rest_route=%2Fwp%2Fv2%2Fmedia&parent=1"}],"wp:term":[{"taxonomy":"category","embeddable":true,"href":"https:\/\/valgblogg.hetland.net\/index.php?rest_route=%2Fwp%2Fv2%2Fcategories&post=1"},{"taxonomy":"post_tag","embeddable":true,"href":"https:\/\/valgblogg.hetland.net\/index.php?rest_route=%2Fwp%2Fv2%2Ftags&post=1"}],"curies":[{"name":"wp","href":"https:\/\/api.w.org\/{rel}","templated":true}]}}